{"id":506,"date":"2023-11-26T21:21:41","date_gmt":"2023-11-26T20:21:41","guid":{"rendered":"https:\/\/kemendi.org\/?p=506"},"modified":"2025-05-30T11:29:48","modified_gmt":"2025-05-30T10:29:48","slug":"kemendi-participa-en-ii-encuentro-de-ce-de-navarra-en-lizarra-estella","status":"publish","type":"post","link":"https:\/\/kemendi.org\/index.php\/2023\/11\/26\/kemendi-participa-en-ii-encuentro-de-ce-de-navarra-en-lizarra-estella\/","title":{"rendered":"Kemendi participa en II encuentro de CE de Navarra en Lizarra\/Estella"},"content":{"rendered":"\n<div class=\"wp-block-columns is-layout-flex wp-container-core-columns-is-layout-9d6595d7 wp-block-columns-is-layout-flex\">\n<div class=\"wp-block-column is-layout-flow wp-block-column-is-layout-flow\" style=\"flex-basis:100%\">\n<div class=\"wp-block-group\"><div class=\"wp-block-group__inner-container is-layout-constrained wp-block-group-is-layout-constrained\">\n<div class=\"wp-block-group\"><div class=\"wp-block-group__inner-container is-layout-constrained wp-block-group-is-layout-constrained\">\n<p class=\"has-colibri-color-1-color has-text-color has-background has-link-color wp-elements-10e983a297607132205cc12a75520660\" style=\"background-color:#e9f9e1\">\u00a0El s\u00e1bado 25 de noviembre tuvo lugar el II encuentro de Comunidades Energ\u00e9ticas en Lizarra\/Estella.En ella se ha hablado de las necesidades , inquietudes y futuro de las comunidades energ\u00e9ticas.<\/p>\n\n\n\n<p class=\"has-colibri-color-1-color has-text-color has-background has-link-color wp-elements-b0fa43bdfdf303d31acce29a305408f7\" style=\"background-color:#e9f9e1\">El gobierno de Navarra presento una aplicaci\u00f3n \u00abVIKENA\u00bb ( en desarrollo) que servir\u00e1 como lugar para facilitar la difusi\u00f3n, acompa\u00f1amiento y asesoramiento de  las CE<\/p>\n\n\n\n<p><\/p>\n<\/div><\/div>\n<\/div><\/div>\n<\/div>\n<\/div>\n\n\n\n<div class=\"wp-block-columns is-layout-flex wp-container-core-columns-is-layout-9d6595d7 wp-block-columns-is-layout-flex\">\n<div class=\"wp-block-column is-layout-flow wp-block-column-is-layout-flow\">\n<figure class=\"wp-block-gallery has-nested-images columns-default is-cropped wp-block-gallery-1 is-layout-flex wp-block-gallery-is-layout-flex\">\n<figure class=\"wp-block-image size-large\"><img loading=\"lazy\" decoding=\"async\" width=\"1024\" height=\"576\" data-id=\"518\" src=\"https:\/\/kemendi.org\/wp-content\/uploads\/2023\/11\/foto-familia-2.jpg-2-1024x576.jpg\" alt=\"\" class=\"wp-image-518\" srcset=\"https:\/\/kemendi.org\/wp-content\/uploads\/2023\/11\/foto-familia-2.jpg-2-1024x576.jpg 1024w, https:\/\/kemendi.org\/wp-content\/uploads\/2023\/11\/foto-familia-2.jpg-2-300x169.jpg 300w, https:\/\/kemendi.org\/wp-content\/uploads\/2023\/11\/foto-familia-2.jpg-2-768x432.jpg 768w, https:\/\/kemendi.org\/wp-content\/uploads\/2023\/11\/foto-familia-2.jpg-2-1536x864.jpg 1536w, https:\/\/kemendi.org\/wp-content\/uploads\/2023\/11\/foto-familia-2.jpg-2-2048x1152.jpg 2048w\" sizes=\"auto, (max-width: 1024px) 100vw, 1024px\" \/><\/figure>\n<\/figure>\n<\/div>\n\n\n\n<div class=\"wp-block-column is-layout-flow wp-block-column-is-layout-flow\">\n<figure class=\"wp-block-gallery has-nested-images columns-default is-cropped wp-block-gallery-2 is-layout-flex wp-block-gallery-is-layout-flex\">\n<figure class=\"wp-block-image size-large\"><img loading=\"lazy\" decoding=\"async\" width=\"1024\" height=\"768\" data-id=\"519\" src=\"https:\/\/kemendi.org\/wp-content\/uploads\/2023\/11\/IMG_20231125_091521-1024x768.jpg\" alt=\"\" class=\"wp-image-519\" srcset=\"https:\/\/kemendi.org\/wp-content\/uploads\/2023\/11\/IMG_20231125_091521-1024x768.jpg 1024w, https:\/\/kemendi.org\/wp-content\/uploads\/2023\/11\/IMG_20231125_091521-300x225.jpg 300w, https:\/\/kemendi.org\/wp-content\/uploads\/2023\/11\/IMG_20231125_091521-768x576.jpg 768w, https:\/\/kemendi.org\/wp-content\/uploads\/2023\/11\/IMG_20231125_091521-1536x1152.jpg 1536w, https:\/\/kemendi.org\/wp-content\/uploads\/2023\/11\/IMG_20231125_091521-2048x1536.jpg 2048w\" sizes=\"auto, (max-width: 1024px) 100vw, 1024px\" \/><\/figure>\n<\/figure>\n<\/div>\n<\/div>\n","protected":false},"excerpt":{"rendered":"<p>\u00a0El s\u00e1bado 25 de noviembre tuvo lugar el II encuentro de Comunidades Energ\u00e9ticas en Lizarra\/Estella.En ella se ha hablado de las necesidades , inquietudes y futuro de las comunidades energ\u00e9ticas. El gobierno de Navarra presento una aplicaci\u00f3n \u00abVIKENA\u00bb ( en desarrollo) que servir\u00e1 como lugar para facilitar la difusi\u00f3n, acompa\u00f1amiento y asesoramiento de las CE<\/p>\n","protected":false},"author":2,"featured_media":0,"comment_status":"closed","ping_status":"open","sticky":false,"template":"","format":"standard","meta":{"footnotes":""},"categories":[1],"tags":[],"class_list":["post-506","post","type-post","status-publish","format-standard","hentry","category-sin-categoria"],"_links":{"self":[{"href":"https:\/\/kemendi.org\/index.php\/wp-json\/wp\/v2\/posts\/506","targetHints":{"allow":["GET"]}}],"collection":[{"href":"https:\/\/kemendi.org\/index.php\/wp-json\/wp\/v2\/posts"}],"about":[{"href":"https:\/\/kemendi.org\/index.php\/wp-json\/wp\/v2\/types\/post"}],"author":[{"embeddable":true,"href":"https:\/\/kemendi.org\/index.php\/wp-json\/wp\/v2\/users\/2"}],"replies":[{"embeddable":true,"href":"https:\/\/kemendi.org\/index.php\/wp-json\/wp\/v2\/comments?post=506"}],"version-history":[{"count":3,"href":"https:\/\/kemendi.org\/index.php\/wp-json\/wp\/v2\/posts\/506\/revisions"}],"predecessor-version":[{"id":520,"href":"https:\/\/kemendi.org\/index.php\/wp-json\/wp\/v2\/posts\/506\/revisions\/520"}],"wp:attachment":[{"href":"https:\/\/kemendi.org\/index.php\/wp-json\/wp\/v2\/media?parent=506"}],"wp:term":[{"taxonomy":"category","embeddable":true,"href":"https:\/\/kemendi.org\/index.php\/wp-json\/wp\/v2\/categories?post=506"},{"taxonomy":"post_tag","embeddable":true,"href":"https:\/\/kemendi.org\/index.php\/wp-json\/wp\/v2\/tags?post=506"}],"curies":[{"name":"wp","href":"https:\/\/api.w.org\/{rel}","templated":true}]}}