{"id":629,"date":"2023-11-30T19:32:14","date_gmt":"2023-11-30T18:32:14","guid":{"rendered":"https:\/\/kemendi.org\/?p=629"},"modified":"2023-12-14T19:49:02","modified_gmt":"2023-12-14T18:49:02","slug":"concurso-de-logotipo-de-kemendi","status":"publish","type":"post","link":"https:\/\/kemendi.org\/index.php\/2023\/11\/30\/concurso-de-logotipo-de-kemendi\/","title":{"rendered":"Concurso de Logotipo de KEMENDI"},"content":{"rendered":"\n<p><strong>Concurso del logotipo de Kemendi<\/strong><\/p>\n\n\n\n<p>Kemendi necesita un logotipo y queremos que sea un artista del barrio quien lo dise\u00f1e.<\/p>\n\n\n\n<p>Kemendi es el nombre de la Asociaci\u00f3n que forma la Comunidad Energ\u00e9tica de Mendillorri. Uno de los primeros proyectos es producir nuestra propia energ\u00eda con placas fotovoltaicas. Tenemos muchos proyectos y necesitamos ser m\u00e1s socios. Mejorar nuestra imagen es fundamental, por eso nos urge un logotipo y estamos trabajando en la web www.kemendi.org\u00a0<\/p>\n\n\n\n<p>Si eres una persona vinculada al barrio y tienes ideas creativas, an\u00edmate a participar en este concurso.<\/p>\n\n\n\n<p><strong>BASES&nbsp;<\/strong><\/p>\n\n\n\n<p>T\u00e9cnica y estilo libre, pasado a formato digital (pdf o jpg). Nos vale con una foto.&nbsp;<\/p>\n\n\n\n<p>Se valorar\u00e1 que el dise\u00f1o tenga relaci\u00f3n con el barrio, y la energ\u00eda.&nbsp;<\/p>\n\n\n\n<p>Tambi\u00e9n que pueda adaptarse a diferentes tama\u00f1os (peque\u00f1o para el avatar de perfil o m\u00e1s grande en una pancarta) y tenga sentido en blanco y negro.<\/p>\n\n\n\n<p>En el logotipo debe aparecer la palabra KEMENDI<\/p>\n\n\n\n<p><strong>C\u00f3mo y donde:<\/strong> <\/p>\n\n\n\n<p>Enviar por e-mail a kemendi2022@gmail.com&nbsp;<\/p>\n\n\n\n<p>En el Asunto del mensaje: Concurso de Logotipo<\/p>\n\n\n\n<p>En el cuerpo del mensaje: Tu nombre, direcci\u00f3n y tel\u00e9fono<\/p>\n\n\n\n<p>Adjunta el archivo con tu dise\u00f1o, ya sabes en formato pdf o jpg<\/p>\n\n\n\n<p>Plazo: Hasta el 30 de diciembre de 2023<\/p>\n\n\n\n<p>Premio: El artista del logotipo seleccionado recibir\u00e1 100 \u20ac&nbsp; para gastar en establecimientos del barrio de la Asociaci\u00f3n de Comercio, Hosteler\u00eda y Servicios de Mendillorri (ver listado en <a href=\"http:\/\/www.mendillorri.org\/\">www.mendillorri.org<\/a>).<\/p>\n\n\n\n<p>Su dise\u00f1o inspirar\u00e1 la imagen de Kemendi y la ver\u00e1 aplicada en todas las comunicaciones de la Comunidad Energ\u00e9tica de Mendillorri.&nbsp;<\/p>\n\n\n\n<p>El jurado ser\u00e1 la Junta Directiva de Kemendi que se reunir\u00e1 para emitir el fallo el d\u00eda 15 de enero de 2024<\/p>\n\n\n\n<p>Esperamos vuestras ideas<\/p>\n","protected":false},"excerpt":{"rendered":"<p>Concurso del logotipo de Kemendi Kemendi necesita un logotipo y queremos que sea un artista del barrio quien lo dise\u00f1e. Kemendi es el nombre de la Asociaci\u00f3n que forma la Comunidad Energ\u00e9tica de Mendillorri. Uno de los primeros proyectos es producir nuestra propia energ\u00eda con placas fotovoltaicas. Tenemos muchos proyectos y necesitamos ser m\u00e1s socios. [&hellip;]<\/p>\n","protected":false},"author":1,"featured_media":1358,"comment_status":"closed","ping_status":"closed","sticky":false,"template":"","format":"standard","meta":{"footnotes":""},"categories":[1],"tags":[],"class_list":["post-629","post","type-post","status-publish","format-standard","has-post-thumbnail","hentry","category-sin-categoria"],"_links":{"self":[{"href":"https:\/\/kemendi.org\/index.php\/wp-json\/wp\/v2\/posts\/629","targetHints":{"allow":["GET"]}}],"collection":[{"href":"https:\/\/kemendi.org\/index.php\/wp-json\/wp\/v2\/posts"}],"about":[{"href":"https:\/\/kemendi.org\/index.php\/wp-json\/wp\/v2\/types\/post"}],"author":[{"embeddable":true,"href":"https:\/\/kemendi.org\/index.php\/wp-json\/wp\/v2\/users\/1"}],"replies":[{"embeddable":true,"href":"https:\/\/kemendi.org\/index.php\/wp-json\/wp\/v2\/comments?post=629"}],"version-history":[{"count":2,"href":"https:\/\/kemendi.org\/index.php\/wp-json\/wp\/v2\/posts\/629\/revisions"}],"predecessor-version":[{"id":1177,"href":"https:\/\/kemendi.org\/index.php\/wp-json\/wp\/v2\/posts\/629\/revisions\/1177"}],"wp:featuredmedia":[{"embeddable":true,"href":"https:\/\/kemendi.org\/index.php\/wp-json\/wp\/v2\/media\/1358"}],"wp:attachment":[{"href":"https:\/\/kemendi.org\/index.php\/wp-json\/wp\/v2\/media?parent=629"}],"wp:term":[{"taxonomy":"category","embeddable":true,"href":"https:\/\/kemendi.org\/index.php\/wp-json\/wp\/v2\/categories?post=629"},{"taxonomy":"post_tag","embeddable":true,"href":"https:\/\/kemendi.org\/index.php\/wp-json\/wp\/v2\/tags?post=629"}],"curies":[{"name":"wp","href":"https:\/\/api.w.org\/{rel}","templated":true}]}}